{"id":585,"date":"2015-03-19T09:59:56","date_gmt":"2015-03-19T08:59:56","guid":{"rendered":"http:\/\/weverkeshof.nl\/site\/?page_id=585"},"modified":"2025-01-23T10:59:22","modified_gmt":"2025-01-23T09:59:22","slug":"varkens","status":"publish","type":"post","link":"https:\/\/weverkeshof.nl\/site\/varkens\/","title":{"rendered":"Varkens"},"content":{"rendered":"\n<p class=\"wp-block-paragraph\">Momenteel wonen er drie varkens op Weverkeshof, drie G\u00f6thingers.<\/p>\n\n\n\n<div class=\"wp-block-media-text is-stacked-on-mobile\" style=\"grid-template-columns:25% auto\"><figure class=\"wp-block-media-text__media\"><img decoding=\"async\" src=\"https:\/\/weverkeshof.nl\/site\/wp-content\/uploads\/2018\/12\/IMG-20180713-WA0004-169x300.jpeg\" alt=\"\" class=\"wp-image-2298 size-full\"\/><\/figure><div class=\"wp-block-media-text__content\">\n<h3 class=\"wp-block-heading\">G\u00f6thingers<\/h3>\n\n\n\n<p class=\"wp-block-paragraph\">Sjoerd is de oudste van de drie G\u00f6thingers borgjes\u00a0 (gecastreerde beertjes).<\/p>\n\n\n\n<p class=\"wp-block-paragraph\">Sjibbe (de lichtste van kleur) en Sjuul (met vlekjes) wonen pas sinds november 2024 bij ons. <\/p>\n\n\n\n<p class=\"wp-block-paragraph\">Om deze varkentjes bezig te houden en hun natuurlijke gedrag na te bootsen krijgen ze hun voer in een voederbal. Daar zit een opening in en telkens als ze tegen de bal aanduwen krijgen ze een beetje voer.<\/p>\n<\/div><\/div>\n\n\n\n<div class=\"wp-block-group is-nowrap is-layout-flex wp-container-core-group-is-layout-8f761849 wp-block-group-is-layout-flex\">\n<p class=\"wp-block-paragraph\">De drie varkentjes wonen in hun eigen stal aan de voorzijde van het terrein, links bij binnenkomst door de poort.<\/p>\n\n\n<div class=\"wp-block-image\">\n<figure class=\"alignright is-resized\"><a href=\"https:\/\/weverkeshof.nl\/site\/wp-content\/uploads\/2020\/10\/20200401_131714-640x335-1.jpg\"><img decoding=\"async\" src=\"https:\/\/weverkeshof.nl\/site\/wp-content\/uploads\/2020\/10\/20200401_131714-640x335-1-300x157.jpg\" alt=\"\" class=\"wp-image-2740\" style=\"width:287px;height:auto\"\/><\/a><\/figure>\n<\/div>\n\n<div class=\"wp-block-image\">\n<figure class=\"alignright is-resized\"><a href=\"https:\/\/weverkeshof.nl\/site\/wp-content\/uploads\/2021\/12\/DSC0138-scaled.jpg\"><img decoding=\"async\" src=\"https:\/\/weverkeshof.nl\/site\/wp-content\/uploads\/2021\/12\/DSC0138-300x199.jpg\" alt=\"\" class=\"wp-image-2907\" style=\"width:228px;height:auto\"\/><\/a><\/figure>\n<\/div><\/div>\n\n\n\n<p class=\"wp-block-paragraph\">Daar kunt u onze knorrepotten vinden terwijl ze bezig zijn met het wroeten in de grond.<\/p>\n\n\n\n<div style=\"height:80px\" aria-hidden=\"true\" class=\"wp-block-spacer\"><\/div>\n\n\n\n<h3 class=\"wp-block-heading\">Bonte Bentheimers<\/h3>\n\n\n\n<p class=\"wp-block-paragraph\">Op 26 juni 2023 hebben we Hannes en Tinus helaas in moeten laten slapen. Zij zijn 14 jaar geworden. We hebben daarom geen Bonte Bentheimers meer op Weverkeshof.<\/p>\n\n\n\n<p class=\"wp-block-paragraph\">Zij behoorde tot de Bonte Bentheimers. Het verschil tussen deze twee heren was duidelijk te zien. Tinus had namelijk twee roze oren en Hannes een roze en een bonte.<\/p>\n\n\n\n<p class=\"wp-block-paragraph\">We gaan Hannes en Tinus missen!<\/p>\n\n\n\n<div class=\"wp-block-group is-nowrap is-layout-flex wp-container-core-group-is-layout-8f761849 wp-block-group-is-layout-flex\">\n<figure class=\"wp-block-image is-resized\"><a href=\"https:\/\/weverkeshof.nl\/site\/wp-content\/uploads\/2018\/06\/Bentheimers-1.jpg\"><img decoding=\"async\" src=\"https:\/\/weverkeshof.nl\/site\/wp-content\/uploads\/2018\/06\/Bentheimers-1-300x225.jpg\" alt=\"\" class=\"wp-image-2136\" style=\"width:396px;height:auto\"\/><\/a><\/figure>\n\n\n<div class=\"wp-block-image\">\n<figure class=\"aligncenter is-resized\"><a href=\"https:\/\/weverkeshof.nl\/site\/wp-content\/uploads\/2020\/04\/DSC0178-scaled.jpg\"><img decoding=\"async\" src=\"https:\/\/weverkeshof.nl\/site\/wp-content\/uploads\/2020\/04\/DSC0178-300x200.jpg\" alt=\"\" class=\"wp-image-2635\" style=\"width:451px;height:auto\"\/><\/a><\/figure>\n<\/div><\/div>\n\n\n\n<div style=\"height:80px\" aria-hidden=\"true\" class=\"wp-block-spacer\"><\/div>\n\n\n\n<p class=\"wp-block-paragraph\">De geschiedenis van het bonte Bentheimer varken begint in het midden van de 19 de eeuw. Naast de veel voorkomende witte landvarkens was het houden van gevlekte rassen geliefd. Het Bonte Bentheimer varken was een vruchtbaar, vriendelijk, stressbestendig en bescheiden varken met goede moedereigenschappen. De biggen waren op grond van hun goede vlees kwaliteit en hun vlekkenpatroon gewilde handelswaar.<\/p>\n\n\n\n<div class=\"wp-block-media-text is-stacked-on-mobile is-vertically-aligned-top\" style=\"grid-template-columns:52% auto\"><figure class=\"wp-block-media-text__media\"><img decoding=\"async\" src=\"https:\/\/weverkeshof.nl\/site\/wp-content\/uploads\/2020\/10\/Bentheimers-7-640x480-1-300x225.jpg\" alt=\"\" class=\"wp-image-2738 size-full\"\/><\/figure><div class=\"wp-block-media-text__content\">\n<p class=\"wp-block-paragraph\">Met de opkomst van de economie veranderde ook de vraag van de consument. Vetarm vlees werd nu gevraagd.<br>In de jaren 90 van de vorige eeuw waren er dan ook nog maar zo\u2019n 100 fokdieren en werd het ras ernstig met uitsterven bedreigd.<br>Nu zijn er weer ongeveer 400 dieren in Duitsland en enkele in Nederland.<\/p>\n\n\n<div class=\"wp-block-image\">\n<figure class=\"alignright is-resized\"><a href=\"https:\/\/weverkeshof.nl\/site\/wp-content\/uploads\/2020\/04\/20200401_131422-scaled.jpg\"><img decoding=\"async\" src=\"https:\/\/weverkeshof.nl\/site\/wp-content\/uploads\/2020\/04\/20200401_131422-300x146.jpg\" alt=\"\" class=\"wp-image-2636\" style=\"width:351px;height:auto\"\/><\/a><\/figure>\n<\/div><\/div><\/div>\n","protected":false},"excerpt":{"rendered":"<p>Momenteel wonen er drie varkens op Weverkeshof, drie G\u00f6thingers. G\u00f6thingers Sjoerd is de oudste van de drie G\u00f6thingers borgjes\u00a0 (gecastreerde beertjes). Sjibbe (de lichtste van [&hellip;]<\/p>\n","protected":false},"author":3,"featured_media":4885,"comment_status":"closed","ping_status":"open","sticky":false,"template":"","format":"standard","meta":{"_crdt_document":"","_uag_custom_page_level_css":"","footnotes":""},"categories":[126],"tags":[],"class_list":["post-585","post","type-post","status-publish","format-standard","has-post-thumbnail","hentry","category-dieren"],"uagb_featured_image_src":{"full":["https:\/\/weverkeshof.nl\/site\/wp-content\/uploads\/2015\/03\/varkens-dieren-weverkeshof-Nuenen.jpg",1600,1200,false],"thumbnail":["https:\/\/weverkeshof.nl\/site\/wp-content\/uploads\/2015\/03\/varkens-dieren-weverkeshof-Nuenen-150x150.jpg",150,150,true],"medium":["https:\/\/weverkeshof.nl\/site\/wp-content\/uploads\/2015\/03\/varkens-dieren-weverkeshof-Nuenen-300x225.jpg",300,225,true],"medium_large":["https:\/\/weverkeshof.nl\/site\/wp-content\/uploads\/2015\/03\/varkens-dieren-weverkeshof-Nuenen-768x576.jpg",768,576,true],"large":["https:\/\/weverkeshof.nl\/site\/wp-content\/uploads\/2015\/03\/varkens-dieren-weverkeshof-Nuenen-1024x768.jpg",819,614,true],"1536x1536":["https:\/\/weverkeshof.nl\/site\/wp-content\/uploads\/2015\/03\/varkens-dieren-weverkeshof-Nuenen-1536x1152.jpg",1536,1152,true],"2048x2048":["https:\/\/weverkeshof.nl\/site\/wp-content\/uploads\/2015\/03\/varkens-dieren-weverkeshof-Nuenen.jpg",1600,1200,false],"post-thumbnail":["https:\/\/weverkeshof.nl\/site\/wp-content\/uploads\/2015\/03\/varkens-dieren-weverkeshof-Nuenen-600x500.jpg",600,500,true]},"uagb_author_info":{"display_name":"Elly van den Heuvel","author_link":"https:\/\/weverkeshof.nl\/site\/author\/elly\/"},"uagb_comment_info":0,"uagb_excerpt":"Momenteel wonen er drie varkens op Weverkeshof, drie G\u00f6thingers. G\u00f6thingers Sjoerd is de oudste van de drie G\u00f6thingers borgjes\u00a0 (gecastreerde beertjes). Sjibbe (de lichtste van [&hellip;]","_links":{"self":[{"href":"https:\/\/weverkeshof.nl\/site\/wp-json\/wp\/v2\/posts\/585","targetHints":{"allow":["GET"]}}],"collection":[{"href":"https:\/\/weverkeshof.nl\/site\/wp-json\/wp\/v2\/posts"}],"about":[{"href":"https:\/\/weverkeshof.nl\/site\/wp-json\/wp\/v2\/types\/post"}],"author":[{"embeddable":true,"href":"https:\/\/weverkeshof.nl\/site\/wp-json\/wp\/v2\/users\/3"}],"replies":[{"embeddable":true,"href":"https:\/\/weverkeshof.nl\/site\/wp-json\/wp\/v2\/comments?post=585"}],"version-history":[{"count":5,"href":"https:\/\/weverkeshof.nl\/site\/wp-json\/wp\/v2\/posts\/585\/revisions"}],"predecessor-version":[{"id":5257,"href":"https:\/\/weverkeshof.nl\/site\/wp-json\/wp\/v2\/posts\/585\/revisions\/5257"}],"wp:featuredmedia":[{"embeddable":true,"href":"https:\/\/weverkeshof.nl\/site\/wp-json\/wp\/v2\/media\/4885"}],"wp:attachment":[{"href":"https:\/\/weverkeshof.nl\/site\/wp-json\/wp\/v2\/media?parent=585"}],"wp:term":[{"taxonomy":"category","embeddable":true,"href":"https:\/\/weverkeshof.nl\/site\/wp-json\/wp\/v2\/categories?post=585"},{"taxonomy":"post_tag","embeddable":true,"href":"https:\/\/weverkeshof.nl\/site\/wp-json\/wp\/v2\/tags?post=585"}],"curies":[{"name":"wp","href":"https:\/\/api.w.org\/{rel}","templated":true}]}}